{"id":3873,"date":"2023-03-26T11:30:23","date_gmt":"2023-03-26T11:30:23","guid":{"rendered":"https:\/\/derby.uwebdev.ch\/harder-potschete\/"},"modified":"2023-03-26T11:30:23","modified_gmt":"2023-03-26T11:30:23","slug":"harder-potschete","status":"publish","type":"post","link":"https:\/\/hotel-derby-interlaken.ch\/es\/eventos\/harder-potschete\/","title":{"rendered":"Harder-Potschete"},"content":{"rendered":"<p>J\u00f3venes disfrazados de esp\u00edritus de la monta\u00f1a desfilan por el centro de la ciudad acompa\u00f1ados por el Trychlerklub, Buremusig, Musikgesellschaft y Tambourengruppe. Recorrido: Marktgasse &#8211; Stadthausplatz &#8211; R\u00e4uberecke &#8211; Bahnhofstrasse &#8211; Postplatz &#8211; Grand Hotel Victoria-Jungfrau &#8211; Marktplatz.<br \/>\nA continuaci\u00f3n, se celebra una ceremonia de entrega de m\u00e1scaras en la plaza del mercado. Entretenimiento en varios restaurantes por la tarde y por la noche.<\/p>\n<p>Fecha: sigue<br \/>\nHora: 14.00 &#8211; 16.00 horas<br \/>\nLugar: 3800 Interlaken<\/p>\n<p>Para m\u00e1s informaci\u00f3n: Turismo de Interlaken, Tel. 033 826 53 00,<br \/>\nAsociaci\u00f3n Harderpotscheten, Maja Thali, Tel. 033 822 99 81<\/p>\n<p><a href=\"http:\/\/www.harderpotschete.ch\/\" target=\"_blank\" rel=\"noopener\">P\u00e1gina de inicio Harder-Potschete<\/a><\/p>\n","protected":false},"excerpt":{"rendered":"<p>Desfile por el centro acompa\u00f1ado por los Trychlerklubs, Buremusig, la sociedad musical y el grupo de panderetas.<\/p>\n","protected":false},"author":1,"featured_media":3080,"comment_status":"open","ping_status":"open","sticky":false,"template":"","format":"standard","meta":{"_acf_changed":false,"inline_featured_image":false,"footnotes":""},"categories":[60],"tags":[],"class_list":["post-3873","post","type-post","status-publish","format-standard","has-post-thumbnail","hentry","category-eventos"],"acf":[],"_links":{"self":[{"href":"https:\/\/hotel-derby-interlaken.ch\/es\/wp-json\/wp\/v2\/posts\/3873"}],"collection":[{"href":"https:\/\/hotel-derby-interlaken.ch\/es\/wp-json\/wp\/v2\/posts"}],"about":[{"href":"https:\/\/hotel-derby-interlaken.ch\/es\/wp-json\/wp\/v2\/types\/post"}],"author":[{"embeddable":true,"href":"https:\/\/hotel-derby-interlaken.ch\/es\/wp-json\/wp\/v2\/users\/1"}],"replies":[{"embeddable":true,"href":"https:\/\/hotel-derby-interlaken.ch\/es\/wp-json\/wp\/v2\/comments?post=3873"}],"version-history":[{"count":0,"href":"https:\/\/hotel-derby-interlaken.ch\/es\/wp-json\/wp\/v2\/posts\/3873\/revisions"}],"wp:featuredmedia":[{"embeddable":true,"href":"https:\/\/hotel-derby-interlaken.ch\/es\/wp-json\/wp\/v2\/media\/3080"}],"wp:attachment":[{"href":"https:\/\/hotel-derby-interlaken.ch\/es\/wp-json\/wp\/v2\/media?parent=3873"}],"wp:term":[{"taxonomy":"category","embeddable":true,"href":"https:\/\/hotel-derby-interlaken.ch\/es\/wp-json\/wp\/v2\/categories?post=3873"},{"taxonomy":"post_tag","embeddable":true,"href":"https:\/\/hotel-derby-interlaken.ch\/es\/wp-json\/wp\/v2\/tags?post=3873"}],"curies":[{"name":"wp","href":"https:\/\/api.w.org\/{rel}","templated":true}]}}