{"id":5481,"date":"2025-01-13T17:05:36","date_gmt":"2025-01-13T17:05:36","guid":{"rendered":"https:\/\/hotel-derby-interlaken.ch\/?p=5481"},"modified":"2025-01-16T09:09:02","modified_gmt":"2025-01-16T09:09:02","slug":"paquete-clasicos-de-interlaken","status":"publish","type":"post","link":"https:\/\/hotel-derby-interlaken.ch\/es\/ofertas-de-paquetes\/paquete-clasicos-de-interlaken\/","title":{"rendered":"Paquete Cl\u00e1sicos de Interlaken"},"content":{"rendered":"<h2>D\u00e9jese hechizar por la mejor m\u00fasica cl\u00e1sica en Interlaken y disfrute del fin de semana a un precio especial<\/h2>\n<p>El Paquete Cl\u00e1sicos de Interlaken le permite combinar la asistencia a una velada \u00fanica o a un concierto sinf\u00f3nico con un fin de semana largo en la Regi\u00f3n de Vacaciones de Interlaken. Los conciertos tendr\u00e1n lugar los d\u00edas 12, 17 y 20 de abril de 2025.<\/p>\n<h3>Su atractivo paquete<\/h3>\n<p>Entrada de categor\u00eda 1 a un concierto cl\u00e1sico bajo la direcci\u00f3n de Zakhar Bron los d\u00edas 12, 17 \u00f3 20 de abril de 2025<br \/>\nUna o dos noches de hotel<br \/>\nDesayuno en el hotel<br \/>\nLlegada y billete de ida y vuelta gratuitos dentro de Suiza<\/p>\n<p><a href=\"https:\/\/www.interlaken.ch\/en\/planning\/package-deals\/interlaken-classics-package\" target=\"_blank\" rel=\"noopener\">M\u00e1s informaci\u00f3n<\/a><\/p>\n","protected":false},"excerpt":{"rendered":"<p>El Paquete Cl\u00e1sicos de Interlaken le permite combinar la asistencia a una velada \u00fanica o a un concierto sinf\u00f3nico con un fin de semana largo en la Regi\u00f3n de Vacaciones de Interlaken. Los conciertos tendr\u00e1n lugar los d\u00edas 12, 17 y 20 de abril de 2025.<\/p>\n","protected":false},"author":1,"featured_media":5414,"comment_status":"open","ping_status":"open","sticky":false,"template":"","format":"standard","meta":{"_acf_changed":false,"inline_featured_image":false,"footnotes":""},"categories":[63],"tags":[],"class_list":["post-5481","post","type-post","status-publish","format-standard","has-post-thumbnail","hentry","category-ofertas-de-paquetes"],"acf":[],"_links":{"self":[{"href":"https:\/\/hotel-derby-interlaken.ch\/es\/wp-json\/wp\/v2\/posts\/5481"}],"collection":[{"href":"https:\/\/hotel-derby-interlaken.ch\/es\/wp-json\/wp\/v2\/posts"}],"about":[{"href":"https:\/\/hotel-derby-interlaken.ch\/es\/wp-json\/wp\/v2\/types\/post"}],"author":[{"embeddable":true,"href":"https:\/\/hotel-derby-interlaken.ch\/es\/wp-json\/wp\/v2\/users\/1"}],"replies":[{"embeddable":true,"href":"https:\/\/hotel-derby-interlaken.ch\/es\/wp-json\/wp\/v2\/comments?post=5481"}],"version-history":[{"count":2,"href":"https:\/\/hotel-derby-interlaken.ch\/es\/wp-json\/wp\/v2\/posts\/5481\/revisions"}],"predecessor-version":[{"id":5498,"href":"https:\/\/hotel-derby-interlaken.ch\/es\/wp-json\/wp\/v2\/posts\/5481\/revisions\/5498"}],"wp:featuredmedia":[{"embeddable":true,"href":"https:\/\/hotel-derby-interlaken.ch\/es\/wp-json\/wp\/v2\/media\/5414"}],"wp:attachment":[{"href":"https:\/\/hotel-derby-interlaken.ch\/es\/wp-json\/wp\/v2\/media?parent=5481"}],"wp:term":[{"taxonomy":"category","embeddable":true,"href":"https:\/\/hotel-derby-interlaken.ch\/es\/wp-json\/wp\/v2\/categories?post=5481"},{"taxonomy":"post_tag","embeddable":true,"href":"https:\/\/hotel-derby-interlaken.ch\/es\/wp-json\/wp\/v2\/tags?post=5481"}],"curies":[{"name":"wp","href":"https:\/\/api.w.org\/{rel}","templated":true}]}}