{"id":3792,"date":"2023-10-21T10:42:25","date_gmt":"2023-10-21T10:42:25","guid":{"rendered":"https:\/\/derby.uwebdev.ch\/1er-aout-fete-nationale\/"},"modified":"2023-10-21T10:42:25","modified_gmt":"2023-10-21T10:42:25","slug":"1er-aout-fete-nationale","status":"publish","type":"post","link":"https:\/\/hotel-derby-interlaken.ch\/fr\/evenements\/1er-aout-fete-nationale\/","title":{"rendered":"1er ao\u00fbt &#8211; F\u00eate nationale"},"content":{"rendered":"<p>D\u00e9couvrez comment de nombreuses coutumes sont respect\u00e9es dans la r\u00e9gion de vacances d&rsquo;Interlaken \u00e0 l&rsquo;occasion de la f\u00eate nationale suisse. Les feux d&rsquo;altitude, allum\u00e9s de mani\u00e8re bien visible sur les versants des montagnes environnantes, font partie des temps forts de la f\u00eate. En outre, diverses repr\u00e9sentations folkloriques telles que le cor des Alpes, le lancer de drapeau et le yodel seront pr\u00e9sent\u00e9es. Les enfants appr\u00e9cient particuli\u00e8rement les retraites aux flambeaux et les feux d&rsquo;artifice.<\/p>\n<p><a href=\"https:\/\/www.interlaken.ch\/planen\/events\/top-events\/1-august-in-interlaken\" target=\"_blank\" rel=\"noopener\">En savoir plus<\/a><\/p>\n","protected":false},"excerpt":{"rendered":"<p>D\u00e9couvrez comment de nombreuses coutumes sont respect\u00e9es dans la r\u00e9gion de vacances d&rsquo;Interlaken \u00e0 l&rsquo;occasion de la f\u00eate nationale suisse.<\/p>\n","protected":false},"author":1,"featured_media":3287,"comment_status":"open","ping_status":"open","sticky":false,"template":"","format":"standard","meta":{"_acf_changed":false,"inline_featured_image":false,"footnotes":""},"categories":[50],"tags":[],"class_list":["post-3792","post","type-post","status-publish","format-standard","has-post-thumbnail","hentry","category-evenements"],"acf":[],"_links":{"self":[{"href":"https:\/\/hotel-derby-interlaken.ch\/fr\/wp-json\/wp\/v2\/posts\/3792"}],"collection":[{"href":"https:\/\/hotel-derby-interlaken.ch\/fr\/wp-json\/wp\/v2\/posts"}],"about":[{"href":"https:\/\/hotel-derby-interlaken.ch\/fr\/wp-json\/wp\/v2\/types\/post"}],"author":[{"embeddable":true,"href":"https:\/\/hotel-derby-interlaken.ch\/fr\/wp-json\/wp\/v2\/users\/1"}],"replies":[{"embeddable":true,"href":"https:\/\/hotel-derby-interlaken.ch\/fr\/wp-json\/wp\/v2\/comments?post=3792"}],"version-history":[{"count":0,"href":"https:\/\/hotel-derby-interlaken.ch\/fr\/wp-json\/wp\/v2\/posts\/3792\/revisions"}],"wp:featuredmedia":[{"embeddable":true,"href":"https:\/\/hotel-derby-interlaken.ch\/fr\/wp-json\/wp\/v2\/media\/3287"}],"wp:attachment":[{"href":"https:\/\/hotel-derby-interlaken.ch\/fr\/wp-json\/wp\/v2\/media?parent=3792"}],"wp:term":[{"taxonomy":"category","embeddable":true,"href":"https:\/\/hotel-derby-interlaken.ch\/fr\/wp-json\/wp\/v2\/categories?post=3792"},{"taxonomy":"post_tag","embeddable":true,"href":"https:\/\/hotel-derby-interlaken.ch\/fr\/wp-json\/wp\/v2\/tags?post=3792"}],"curies":[{"name":"wp","href":"https:\/\/api.w.org\/{rel}","templated":true}]}}