{"id":3793,"date":"2023-10-21T10:41:59","date_gmt":"2023-10-21T10:41:59","guid":{"rendered":"https:\/\/derby.uwebdev.ch\/le-plus-long-nouvel-an\/"},"modified":"2023-10-21T10:41:59","modified_gmt":"2023-10-21T10:41:59","slug":"le-plus-long-nouvel-an","status":"publish","type":"post","link":"https:\/\/hotel-derby-interlaken.ch\/fr\/evenements\/le-plus-long-nouvel-an\/","title":{"rendered":"Le plus long Nouvel An"},"content":{"rendered":"<p>\u00c0 Interlaken, la fin de l&rsquo;ann\u00e9e est \u00e0 nouveau tr\u00e8s anim\u00e9e pour le plus long r\u00e9veillon de Suisse. Pendant trois jours entiers, Interlaken sera en \u00e9tat d&rsquo;urgence. Les festivit\u00e9s de la Saint-Sylvestre dureront du 31 d\u00e9cembre 2022 au 2 janvier 2023 et promettent plaisir, spectacle et culture.<\/p>\n<p>31 d\u00e9cembre : <a href=\"https:\/\/www.interlaken-classics.ch\/de\/Tickets\/Klassik-und-Genuss\" target=\"_blank\" rel=\"noopener\">le d\u00eener de gala<\/a><\/p>\n<p>1er janvier : <a href=\"https:\/\/touchthemountains.ch\/\" target=\"_blank\" rel=\"noopener\">Touch The Mountains Open Air<\/a><\/p>\n<p>2 janvier : <a href=\"https:\/\/harderpotschete.ch\/\" target=\"_blank\" rel=\"noopener\">traditionnel Harderpotschete<\/a><\/p>\n","protected":false},"excerpt":{"rendered":"<p>Le jour de l&rsquo;an, vivez une journ\u00e9e pleine de moments forts, de musique et d&rsquo;\u00e9motions au milieu de montagnes majestueuses.<\/p>\n","protected":false},"author":1,"featured_media":3294,"comment_status":"open","ping_status":"open","sticky":false,"template":"","format":"standard","meta":{"_acf_changed":false,"inline_featured_image":false,"footnotes":""},"categories":[50],"tags":[],"class_list":["post-3793","post","type-post","status-publish","format-standard","has-post-thumbnail","hentry","category-evenements"],"acf":[],"_links":{"self":[{"href":"https:\/\/hotel-derby-interlaken.ch\/fr\/wp-json\/wp\/v2\/posts\/3793"}],"collection":[{"href":"https:\/\/hotel-derby-interlaken.ch\/fr\/wp-json\/wp\/v2\/posts"}],"about":[{"href":"https:\/\/hotel-derby-interlaken.ch\/fr\/wp-json\/wp\/v2\/types\/post"}],"author":[{"embeddable":true,"href":"https:\/\/hotel-derby-interlaken.ch\/fr\/wp-json\/wp\/v2\/users\/1"}],"replies":[{"embeddable":true,"href":"https:\/\/hotel-derby-interlaken.ch\/fr\/wp-json\/wp\/v2\/comments?post=3793"}],"version-history":[{"count":0,"href":"https:\/\/hotel-derby-interlaken.ch\/fr\/wp-json\/wp\/v2\/posts\/3793\/revisions"}],"wp:featuredmedia":[{"embeddable":true,"href":"https:\/\/hotel-derby-interlaken.ch\/fr\/wp-json\/wp\/v2\/media\/3294"}],"wp:attachment":[{"href":"https:\/\/hotel-derby-interlaken.ch\/fr\/wp-json\/wp\/v2\/media?parent=3793"}],"wp:term":[{"taxonomy":"category","embeddable":true,"href":"https:\/\/hotel-derby-interlaken.ch\/fr\/wp-json\/wp\/v2\/categories?post=3793"},{"taxonomy":"post_tag","embeddable":true,"href":"https:\/\/hotel-derby-interlaken.ch\/fr\/wp-json\/wp\/v2\/tags?post=3793"}],"curies":[{"name":"wp","href":"https:\/\/api.w.org\/{rel}","templated":true}]}}