{"id":3802,"date":"2023-03-26T11:29:52","date_gmt":"2023-03-26T11:29:52","guid":{"rendered":"https:\/\/derby.uwebdev.ch\/grand-feu-dartifice\/"},"modified":"2023-03-26T11:29:52","modified_gmt":"2023-03-26T11:29:52","slug":"grand-feu-dartifice","status":"publish","type":"post","link":"https:\/\/hotel-derby-interlaken.ch\/fr\/evenements\/grand-feu-dartifice\/","title":{"rendered":"Grand feu d&rsquo;artifice"},"content":{"rendered":"<p>Le 1er janvier \u00e0 19h45, le ciel d&rsquo;Interlaken s&rsquo;illumine de couleurs et de scintillements !<\/p>\n<p>Des animations \u00e0 partir de 15h00 et de nombreuses possibilit\u00e9s de se restaurer sur le H\u00f6heweg et dans des restaurants de tout Interlaken vous invitent \u00e0 vous attarder.<br \/>\nLe H\u00f6heweg est ferm\u00e9 \u00e0 la circulation de 16h00 \u00e0 21h00.<\/p>\n<p>Pour plus d&rsquo;informations : Interlaken Tourismus, t\u00e9l. 033 826 53 00<\/p>\n<p><a href=\"http:\/\/www.interlakentourism.ch\/\" target=\"_blank\" rel=\"noopener\">Page d&rsquo;accueil de l&rsquo;office du tourisme d&rsquo;Interlaken<\/a><\/p>\n","protected":false},"excerpt":{"rendered":"<p>Le 1er janvier \u00e0 19h45, le ciel d&rsquo;Interlaken s&rsquo;illumine de couleurs et de scintillements !<\/p>\n","protected":false},"author":1,"featured_media":3084,"comment_status":"open","ping_status":"open","sticky":false,"template":"","format":"standard","meta":{"_acf_changed":false,"inline_featured_image":false,"footnotes":""},"categories":[50],"tags":[],"class_list":["post-3802","post","type-post","status-publish","format-standard","has-post-thumbnail","hentry","category-evenements"],"acf":[],"_links":{"self":[{"href":"https:\/\/hotel-derby-interlaken.ch\/fr\/wp-json\/wp\/v2\/posts\/3802"}],"collection":[{"href":"https:\/\/hotel-derby-interlaken.ch\/fr\/wp-json\/wp\/v2\/posts"}],"about":[{"href":"https:\/\/hotel-derby-interlaken.ch\/fr\/wp-json\/wp\/v2\/types\/post"}],"author":[{"embeddable":true,"href":"https:\/\/hotel-derby-interlaken.ch\/fr\/wp-json\/wp\/v2\/users\/1"}],"replies":[{"embeddable":true,"href":"https:\/\/hotel-derby-interlaken.ch\/fr\/wp-json\/wp\/v2\/comments?post=3802"}],"version-history":[{"count":0,"href":"https:\/\/hotel-derby-interlaken.ch\/fr\/wp-json\/wp\/v2\/posts\/3802\/revisions"}],"wp:featuredmedia":[{"embeddable":true,"href":"https:\/\/hotel-derby-interlaken.ch\/fr\/wp-json\/wp\/v2\/media\/3084"}],"wp:attachment":[{"href":"https:\/\/hotel-derby-interlaken.ch\/fr\/wp-json\/wp\/v2\/media?parent=3802"}],"wp:term":[{"taxonomy":"category","embeddable":true,"href":"https:\/\/hotel-derby-interlaken.ch\/fr\/wp-json\/wp\/v2\/categories?post=3802"},{"taxonomy":"post_tag","embeddable":true,"href":"https:\/\/hotel-derby-interlaken.ch\/fr\/wp-json\/wp\/v2\/tags?post=3802"}],"curies":[{"name":"wp","href":"https:\/\/api.w.org\/{rel}","templated":true}]}}