{"id":3803,"date":"2023-03-26T11:30:23","date_gmt":"2023-03-26T11:30:23","guid":{"rendered":"https:\/\/derby.uwebdev.ch\/pochette-harder\/"},"modified":"2023-03-26T11:30:23","modified_gmt":"2023-03-26T11:30:23","slug":"pochette-harder","status":"publish","type":"post","link":"https:\/\/hotel-derby-interlaken.ch\/fr\/evenements\/pochette-harder\/","title":{"rendered":"Pochette Harder"},"content":{"rendered":"<p>Des jeunes d\u00e9guis\u00e9s en esprits de la montagne traversent le centre-ville en cort\u00e8ge, accompagn\u00e9s par des clubs de trychlerie, des musiques de bure, des soci\u00e9t\u00e9s de musique et des groupes de tambours. Itin\u00e9raire : Marktgasse &#8211; Stadthausplatz &#8211; R\u00e4uberecke &#8211; Bahnhofstrasse &#8211; Postplatz &#8211; Grand Hotel Victoria-Jungfrau &#8211; Marktplatz.<br \/>\nEnsuite, un concours de masques aura lieu sur la place du march\u00e9. Animations dans diff\u00e9rents restaurants l&rsquo;apr\u00e8s-midi et le soir.<\/p>\n<p>Date : \u00e0 suivre<br \/>\nHeure : 14.00 &#8211; 16.00 heures<br \/>\nLieu : 3800 Interlaken<\/p>\n<p>Informations : Interlaken Tourismus, t\u00e9l. 033 826 53 00,<br \/>\nHarderpotscheten Verein, Maja Thali, t\u00e9l. 033 822 99 81<\/p>\n<p><a href=\"http:\/\/www.harderpotschete.ch\/\" target=\"_blank\" rel=\"noopener\">Page d&rsquo;accueil de Harder-Potschete<\/a><\/p>\n","protected":false},"excerpt":{"rendered":"<p>D\u00e9fil\u00e9 accompagn\u00e9 par les clubs de Trychler, Buremusig, soci\u00e9t\u00e9 de musique et groupe de tambours \u00e0 travers le centre.<\/p>\n","protected":false},"author":1,"featured_media":3077,"comment_status":"open","ping_status":"open","sticky":false,"template":"","format":"standard","meta":{"_acf_changed":false,"inline_featured_image":false,"footnotes":""},"categories":[50],"tags":[],"class_list":["post-3803","post","type-post","status-publish","format-standard","has-post-thumbnail","hentry","category-evenements"],"acf":[],"_links":{"self":[{"href":"https:\/\/hotel-derby-interlaken.ch\/fr\/wp-json\/wp\/v2\/posts\/3803"}],"collection":[{"href":"https:\/\/hotel-derby-interlaken.ch\/fr\/wp-json\/wp\/v2\/posts"}],"about":[{"href":"https:\/\/hotel-derby-interlaken.ch\/fr\/wp-json\/wp\/v2\/types\/post"}],"author":[{"embeddable":true,"href":"https:\/\/hotel-derby-interlaken.ch\/fr\/wp-json\/wp\/v2\/users\/1"}],"replies":[{"embeddable":true,"href":"https:\/\/hotel-derby-interlaken.ch\/fr\/wp-json\/wp\/v2\/comments?post=3803"}],"version-history":[{"count":0,"href":"https:\/\/hotel-derby-interlaken.ch\/fr\/wp-json\/wp\/v2\/posts\/3803\/revisions"}],"wp:featuredmedia":[{"embeddable":true,"href":"https:\/\/hotel-derby-interlaken.ch\/fr\/wp-json\/wp\/v2\/media\/3077"}],"wp:attachment":[{"href":"https:\/\/hotel-derby-interlaken.ch\/fr\/wp-json\/wp\/v2\/media?parent=3803"}],"wp:term":[{"taxonomy":"category","embeddable":true,"href":"https:\/\/hotel-derby-interlaken.ch\/fr\/wp-json\/wp\/v2\/categories?post=3803"},{"taxonomy":"post_tag","embeddable":true,"href":"https:\/\/hotel-derby-interlaken.ch\/fr\/wp-json\/wp\/v2\/tags?post=3803"}],"curies":[{"name":"wp","href":"https:\/\/api.w.org\/{rel}","templated":true}]}}