{"id":5490,"date":"2025-01-13T17:05:36","date_gmt":"2025-01-13T17:05:36","guid":{"rendered":"https:\/\/hotel-derby-interlaken.ch\/?p=5490"},"modified":"2025-01-16T13:44:44","modified_gmt":"2025-01-16T13:44:44","slug":"forfait-interlaken-classics","status":"publish","type":"post","link":"https:\/\/hotel-derby-interlaken.ch\/fr\/forfaits\/forfait-interlaken-classics\/","title":{"rendered":"Forfait Interlaken Classics"},"content":{"rendered":"<h2>Laissez-vous envo\u00fbter par la musique classique du plus haut niveau \u00e0 Interlaken et profitez d\u2019un week-end \u00e0 prix sp\u00e9cial<\/h2>\n<p>Avec le forfait Interlaken Classics, vous pouvez combiner une soir\u00e9e unique ou un concert symphonique avec un week-end prolong\u00e9 dans la R\u00e9gion de Vacances Interlaken. Les concerts auront lieu le 12, 17 et 20 avril 2025.<\/p>\n<h3>Pack de prestations attractif<\/h3>\n<p>Billet d\u2019entr\u00e9e de premi\u00e8re cat\u00e9gorie \u00e0 un concert de musique classique sous la direction de Zakhar Bron du 12, 17 ou 20 avril 2025<br \/>\n1 ou 2 nuit\u00e9es en h\u00f4tel<br \/>\nPetit-d\u00e9jeuner \u00e0 l\u2019h\u00f4tel<br \/>\nArriv\u00e9e \u00e0 Interlaken et d\u00e9part gratuit \u00e0 l&rsquo;int\u00e9rieur de la Suisse<\/p>\n<p><a class=\"elementor-button\" href=\"https:\/\/www.interlaken.ch\/fr\/planification\/offres-forfaitaires\/forfait-interlaken-classics\" target=\"_blank\" rel=\"noopener\">En savoir plus<\/a><\/p>\n","protected":false},"excerpt":{"rendered":"<p>Avec le forfait Interlaken Classics, vous pouvez combiner une soir\u00e9e unique ou un concert symphonique avec un week-end prolong\u00e9 dans la R\u00e9gion de Vacances Interlaken. Les concerts auront lieu le 12, 17 et 20 avril 2025.<\/p>\n","protected":false},"author":1,"featured_media":5411,"comment_status":"open","ping_status":"open","sticky":false,"template":"","format":"standard","meta":{"_acf_changed":false,"inline_featured_image":false,"footnotes":""},"categories":[52],"tags":[],"class_list":["post-5490","post","type-post","status-publish","format-standard","has-post-thumbnail","hentry","category-forfaits"],"acf":[],"_links":{"self":[{"href":"https:\/\/hotel-derby-interlaken.ch\/fr\/wp-json\/wp\/v2\/posts\/5490"}],"collection":[{"href":"https:\/\/hotel-derby-interlaken.ch\/fr\/wp-json\/wp\/v2\/posts"}],"about":[{"href":"https:\/\/hotel-derby-interlaken.ch\/fr\/wp-json\/wp\/v2\/types\/post"}],"author":[{"embeddable":true,"href":"https:\/\/hotel-derby-interlaken.ch\/fr\/wp-json\/wp\/v2\/users\/1"}],"replies":[{"embeddable":true,"href":"https:\/\/hotel-derby-interlaken.ch\/fr\/wp-json\/wp\/v2\/comments?post=5490"}],"version-history":[{"count":2,"href":"https:\/\/hotel-derby-interlaken.ch\/fr\/wp-json\/wp\/v2\/posts\/5490\/revisions"}],"predecessor-version":[{"id":5544,"href":"https:\/\/hotel-derby-interlaken.ch\/fr\/wp-json\/wp\/v2\/posts\/5490\/revisions\/5544"}],"wp:featuredmedia":[{"embeddable":true,"href":"https:\/\/hotel-derby-interlaken.ch\/fr\/wp-json\/wp\/v2\/media\/5411"}],"wp:attachment":[{"href":"https:\/\/hotel-derby-interlaken.ch\/fr\/wp-json\/wp\/v2\/media?parent=5490"}],"wp:term":[{"taxonomy":"category","embeddable":true,"href":"https:\/\/hotel-derby-interlaken.ch\/fr\/wp-json\/wp\/v2\/categories?post=5490"},{"taxonomy":"post_tag","embeddable":true,"href":"https:\/\/hotel-derby-interlaken.ch\/fr\/wp-json\/wp\/v2\/tags?post=5490"}],"curies":[{"name":"wp","href":"https:\/\/api.w.org\/{rel}","templated":true}]}}