{"id":3814,"date":"2023-10-21T10:41:59","date_gmt":"2023-10-21T10:41:59","guid":{"rendered":"https:\/\/derby.uwebdev.ch\/il-capodanno-piu-lungo\/"},"modified":"2023-10-21T10:41:59","modified_gmt":"2023-10-21T10:41:59","slug":"il-capodanno-piu-lungo","status":"publish","type":"post","link":"https:\/\/hotel-derby-interlaken.ch\/it\/eventi\/il-capodanno-piu-lungo\/","title":{"rendered":"Il Capodanno pi\u00f9 lungo"},"content":{"rendered":"<p>A Interlaken c&#8217;\u00e8 molto da fare alla fine dell&#8217;anno, durante il Capodanno pi\u00f9 lungo della Svizzera. Interlaken sar\u00e0 in stato di emergenza per tre giorni, poich\u00e9 i festeggiamenti per il Capodanno dureranno dal 31 dicembre 2022 al 2 gennaio 2023 e promettono divertimento, spettacolo e cultura.<\/p>\n<p>31 dicembre: <a href=\"https:\/\/www.interlaken-classics.ch\/de\/Tickets\/Klassik-und-Genuss\" target=\"_blank\" rel=\"noopener\">la cena di gala<\/a><\/p>\n<p>1 gennaio: <a href=\"https:\/\/touchthemountains.ch\/\" target=\"_blank\" rel=\"noopener\">Touch The Mountains Open Air<\/a><\/p>\n<p>2 gennaio: <a href=\"https:\/\/harderpotschete.ch\/\" target=\"_blank\" rel=\"noopener\">tradizionale Harderpotschete<\/a><\/p>\n","protected":false},"excerpt":{"rendered":"<p>Vivr\u00e0 una giornata ricca di momenti salienti nel giorno di Capodanno, con tanta musica ed emozioni in mezzo al maestoso mondo delle montagne.<\/p>\n","protected":false},"author":1,"featured_media":3295,"comment_status":"open","ping_status":"open","sticky":false,"template":"","format":"standard","meta":{"_acf_changed":false,"inline_featured_image":false,"footnotes":""},"categories":[53],"tags":[],"class_list":["post-3814","post","type-post","status-publish","format-standard","has-post-thumbnail","hentry","category-eventi"],"acf":[],"_links":{"self":[{"href":"https:\/\/hotel-derby-interlaken.ch\/it\/wp-json\/wp\/v2\/posts\/3814"}],"collection":[{"href":"https:\/\/hotel-derby-interlaken.ch\/it\/wp-json\/wp\/v2\/posts"}],"about":[{"href":"https:\/\/hotel-derby-interlaken.ch\/it\/wp-json\/wp\/v2\/types\/post"}],"author":[{"embeddable":true,"href":"https:\/\/hotel-derby-interlaken.ch\/it\/wp-json\/wp\/v2\/users\/1"}],"replies":[{"embeddable":true,"href":"https:\/\/hotel-derby-interlaken.ch\/it\/wp-json\/wp\/v2\/comments?post=3814"}],"version-history":[{"count":0,"href":"https:\/\/hotel-derby-interlaken.ch\/it\/wp-json\/wp\/v2\/posts\/3814\/revisions"}],"wp:featuredmedia":[{"embeddable":true,"href":"https:\/\/hotel-derby-interlaken.ch\/it\/wp-json\/wp\/v2\/media\/3295"}],"wp:attachment":[{"href":"https:\/\/hotel-derby-interlaken.ch\/it\/wp-json\/wp\/v2\/media?parent=3814"}],"wp:term":[{"taxonomy":"category","embeddable":true,"href":"https:\/\/hotel-derby-interlaken.ch\/it\/wp-json\/wp\/v2\/categories?post=3814"},{"taxonomy":"post_tag","embeddable":true,"href":"https:\/\/hotel-derby-interlaken.ch\/it\/wp-json\/wp\/v2\/tags?post=3814"}],"curies":[{"name":"wp","href":"https:\/\/api.w.org\/{rel}","templated":true}]}}